{"id":1158,"date":"2024-05-07T11:29:30","date_gmt":"2024-05-07T11:29:30","guid":{"rendered":"https:\/\/ceia.iseclisboa.pt\/?p=1158"},"modified":"2024-05-08T10:43:22","modified_gmt":"2024-05-08T10:43:22","slug":"abordagem-leader","status":"publish","type":"post","link":"https:\/\/ceia.iseclisboa.pt\/?p=1158","title":{"rendered":"Abordagem Leader"},"content":{"rendered":"<p style=\"text-align: right; font-size: 0.75rem;\">ATIVO<\/p>\n<p><!--more--><\/p>\n<p style=\"font-weight: 400; color: #1e73bd;\"><strong>Investigadores:<\/strong><\/p>\n<ul>\n<li><a href=\"https:\/\/orcid.org\/0000-0002-1977-1775\" target=\"_blank\" rel=\"noopener\">Maria Elizete da Costa Jardim<\/a><\/li>\n<li><a href=\"https:\/\/orcid.org\/0000-0003-0152-8141\">Ana Paula Oliveira<\/a><\/li>\n<li><a href=\"https:\/\/orcid.org\/0000-0001-7630-6362\" target=\"_blank\" rel=\"noopener\">Madalena Corte Real<\/a><\/li>\n<li>Jo\u00e3o Rodrigues dos Santos<\/li>\n<li>Hugo Santos [A]<\/li>\n<li>Lu\u00eds Chaves [Federa\u00e7\u00e3o Minha Terra]<\/li>\n<\/ul>\n<p style=\"text-align: right; font-size: 0.75rem;\"><a href=\"https:\/\/ceia.iseclisboa.pt\/?p=1176\">EN<\/a> | PT<\/p>\n<p style=\"font-weight: 400; color: #1e73bd;\"><strong>Descri\u00e7\u00e3o do projeto<\/strong>:<\/p>\n<p style=\"text-align: justify;\">Este projeto interdisciplinar visa diagnosticar e analisar metodologias, ferramentas e modelos de governan\u00e7a ao longo de mais de tr\u00eas d\u00e9cadas, no uso dos fundos p\u00fablicos para a promo\u00e7\u00e3o do desenvolvimento integrado dos territ\u00f3rios rurais. Pretende-se analisar o passado e perspetivar o futuro tendo como refer\u00eancias as pol\u00edticas estrat\u00e9gicas nacionais, sendo os objetivos:<\/p>\n<ol style=\"list-style-type: lower-roman;\">\n<li>Avaliar o impacto, nos territ\u00f3rios rurais, das pol\u00edticas de desenvolvimento rural enquadradas no programa LEADER (Liga\u00e7\u00e3o entre as A\u00e7\u00f5es de Desenvolvimento da Economia Rural),<\/li>\n<li>Criar um modelo conceptual para replica\u00e7\u00e3o.<\/li>\n<\/ol>\n<p style=\"text-align: justify;\">Como suporte, vamos recorrer a trabalhos j\u00e1 realizados ao longo de v\u00e1rios per\u00edodos de programa\u00e7\u00e3o financeira no \u00e2mbito da coordena\u00e7\u00e3o, gest\u00e3o, monitoriza\u00e7\u00e3o e avalia\u00e7\u00e3o do programa LEADER e, tamb\u00e9m, \u00e0 atua\u00e7\u00e3o dos gestores locais, respetivos parceiros, benefici\u00e1rios em geral e decisores centrais. Trata-se de um estudo de caso, centrado na <a href=\"https:\/\/www.adrimag.com.pt\" target=\"_blank\" rel=\"noopener\">Associa\u00e7\u00e3o de Desenvolvimento Local (ADRIMAG)<\/a>, em Arouca, e contatar\u00e1 com a participa\u00e7\u00e3o da <a href=\"https:\/\/www.minhaterra.pt\" target=\"_blank\" rel=\"noopener\">MINHA TERRA, Federa\u00e7\u00e3o Nacional das Associa\u00e7\u00f5es de Desenvolvimento Local<\/a>.<\/p>\n<p style=\"text-align: justify;\">Este projeto insere-se na <a href=\"https:\/\/unitwin.iseclisboa.pt\" target=\"_blank\" rel=\"noopener\">C\u00e1tedra UNESCO \u201cA cidade que educa e transforma\u201d<\/a>, no grupo de trabalho IV, no \u00e2mbito do objetivo \u201cA Investiga\u00e7\u00e3o e reflex\u00e3o sobre as pr\u00e1ticas baseadas em modelos de governa\u00e7\u00e3o inspirados no conceito de Cidades Educadoras e suas respostas aos problemas emergentes das sociedades, especialmente na perspetiva da consolida\u00e7\u00e3o de democracias\u201d.<\/p>\n","protected":false},"excerpt":{"rendered":"<p>ATIVO<\/p>\n","protected":false},"author":4,"featured_media":0,"comment_status":"open","ping_status":"open","sticky":false,"template":"","format":"standard","meta":{"footnotes":""},"categories":[8,6],"tags":[],"class_list":["post-1158","post","type-post","status-publish","format-standard","hentry","category-ativo","category-cl4_pt"],"_links":{"self":[{"href":"https:\/\/ceia.iseclisboa.pt\/index.php?rest_route=\/wp\/v2\/posts\/1158","targetHints":{"allow":["GET"]}}],"collection":[{"href":"https:\/\/ceia.iseclisboa.pt\/index.php?rest_route=\/wp\/v2\/posts"}],"about":[{"href":"https:\/\/ceia.iseclisboa.pt\/index.php?rest_route=\/wp\/v2\/types\/post"}],"author":[{"embeddable":true,"href":"https:\/\/ceia.iseclisboa.pt\/index.php?rest_route=\/wp\/v2\/users\/4"}],"replies":[{"embeddable":true,"href":"https:\/\/ceia.iseclisboa.pt\/index.php?rest_route=%2Fwp%2Fv2%2Fcomments&post=1158"}],"version-history":[{"count":8,"href":"https:\/\/ceia.iseclisboa.pt\/index.php?rest_route=\/wp\/v2\/posts\/1158\/revisions"}],"predecessor-version":[{"id":1179,"href":"https:\/\/ceia.iseclisboa.pt\/index.php?rest_route=\/wp\/v2\/posts\/1158\/revisions\/1179"}],"wp:attachment":[{"href":"https:\/\/ceia.iseclisboa.pt\/index.php?rest_route=%2Fwp%2Fv2%2Fmedia&parent=1158"}],"wp:term":[{"taxonomy":"category","embeddable":true,"href":"https:\/\/ceia.iseclisboa.pt\/index.php?rest_route=%2Fwp%2Fv2%2Fcategories&post=1158"},{"taxonomy":"post_tag","embeddable":true,"href":"https:\/\/ceia.iseclisboa.pt\/index.php?rest_route=%2Fwp%2Fv2%2Ftags&post=1158"}],"curies":[{"name":"wp","href":"https:\/\/api.w.org\/{rel}","templated":true}]}}