{"id":1015,"date":"2023-07-31T14:51:58","date_gmt":"2023-07-31T14:51:58","guid":{"rendered":"https:\/\/ceia.iseclisboa.pt\/?p=1015"},"modified":"2024-07-30T10:07:03","modified_gmt":"2024-07-30T10:07:03","slug":"teaching-to-be-2","status":"publish","type":"post","link":"https:\/\/ceia.iseclisboa.pt\/?p=1015","title":{"rendered":"\u201cTEACHING to be\u201d"},"content":{"rendered":"<p style=\"text-align: right; font-size: 0.75rem;\">CONCLUDED<\/p>\n<p style=\"color: #1e73bd;\"><strong>Investigators:<\/strong><\/p>\n<ul>\n<li><a href=\"https:\/\/orcid.org\/0000-0002-0366-617X\" target=\"_blank\" rel=\"noopener\">Patricia Pacheco<\/a><\/li>\n<li><a href=\"https:\/\/orcid.org\/0000-0002-0639-0121\" target=\"_blank\" rel=\"noopener\">Marco Ferreira<\/a><\/li>\n<li><a href=\"https:\/\/orcid.org\/0000-0002-8031-600X\" target=\"_blank\" rel=\"noopener\">Jos\u00e9 Reis Jorge<\/a><\/li>\n<li><a href=\"https:\/\/orcid.org\/0000-0002-2464-8886\" target=\"_blank\" rel=\"noopener\">Isabel Baltazar<\/a><\/li>\n<li><a href=\"https:\/\/orcid.org\/0000-0003-3393-3678\" target=\"_blank\" rel=\"noopener\">Ana Barqueira<\/a><\/li>\n<\/ul>\n<p><!--more--><\/p>\n<p style=\"text-align: right; font-size: 0.75rem;\"><a href=\"https:\/\/ceia.iseclisboa.pt\/?p=1015\">EN<\/a> | <a href=\"https:\/\/ceia.iseclisboa.pt\/?p=920\">PT<\/a><\/p>\n<p style=\"color: #1e73bd;\"><strong>About<\/strong><\/p>\n<p style=\"text-align: justify;\">\u201cTeaching to Be\u201d is a European Policy Experimentation project initiative. The project aims to support school teachers\u2019 career improvement by exploring innovative professional development practices to foster and improve teachers\u2019 professional wellbeing. The project is led by Ministries of Education from Lithuania, Latvia, Portugal and Slovenia, in cooperation with several universities and teams of experts in teacher education and mental wellbeing from 8 countries: Lithuania, Latvia, Slovenia, Portugal, Italy, Spain, Austria and Norway.<br \/>\nTeachers\u2019 stress and burnout are major concerns all across Europe and worldwide, causing serious challenges to teachers\u2019 health and the school systems. Moreover, increased focus on social and emotional competences across Europe poses new challenges for teachers in maintaining their own wellbeing and delivering effective teaching.<br \/>\nIn order to foster teachers\u2019 professional wellbeing and promote practices to support it, the project will develop and examine a set of innovative professional development measures:<\/p>\n<ul style=\"text-align: justify;\">\n<li>An Online Course on Teachers\u2019 Professional Wellbeing, which will help develop teachers\u2019 practical skills for sustaining their wellbeing through self-regulated learning;<\/li>\n<li>A Participatory Action Research (PAR) Guide for Schools which will help school communities to work together on school issues, improve professional wellbeing and develop new professional skills for teachers and school leaders.<\/li>\n<\/ul>\n<p style=\"font-weight: 400; text-align: justify;\">The project will explore how and to what extent these practices affect teacher\u2019s wellbeing indicators and school level factors. A mixed-methods experimental research, combining a quasi-experimental intervention study (QE) and a qualitative Participatory Action Research (PAR) study in schools will be conducted in 8 countries.<br \/>\nProject actions will involve school teachers, school leaders and other school community members. The outcomes of the project will help promote policies for teachers\u2019 professional wellbeing and will support the systemic teaching and learning of Key-competences in schools.<\/p>\n<p>&nbsp;<\/p>\n<p style=\"color: #1e73bd;\"><strong>Project Outputs<\/strong><\/p>\n<p><strong>Books:<\/strong><\/p>\n<ul style=\"text-align: justify;\">\n<li>Tali\u010d, S., Zupan\u010di\u010d, A., Avgu\u0161tin, L., Ber\u017eanskyt\u0117, J., \u0160ukyt\u0117, D., \u0160irokova, M., Martinsone, B., Damberga, I., Per\u0161evica, A., Ornaghi, V., Cavioni, V., Conte, E., <a href=\"https:\/\/orcid.org\/0000-0002-0366-617X\" target=\"_blank\" rel=\"noopener\">Pacheco, P.<\/a>, <a href=\"https:\/\/orcid.org\/0000-0002-0639-0121\" target=\"_blank\" rel=\"noopener\">Ferreira, M.<\/a>, <a href=\"https:\/\/orcid.org\/0000-0002-8031-600X\" target=\"_blank\" rel=\"noopener\">Reis-Jorge, J.<\/a>, Jensen, M., Rekstad, T., Lillelien, K., Schrank, B., \u2026 Cajaraville, A. (2023). Teaching to be: Rumo ao bem-estar: Livro do professor. Teaching to Be &amp; Creative Europe Programme of the European Union. ISBN:978-609-96413-4-8.<\/li>\n<li>Tali\u010d, S., Zupan\u010di\u010d, A., Avgu\u0161tin, L., Ber\u017eanskyt\u0117, J., \u0160ukyt\u0117, D., \u0160irokova, M., Martinsone, B., Damberga, I., Per\u0161evica, A., Ornaghi, V., Cavioni, V., Conte, E., <a href=\"https:\/\/orcid.org\/0000-0002-0366-617X\" target=\"_blank\" rel=\"noopener\">Pacheco, P.<\/a>, <a href=\"https:\/\/orcid.org\/0000-0002-0639-0121\" target=\"_blank\" rel=\"noopener\">Ferreira, M.<\/a>, <a href=\"https:\/\/orcid.org\/0000-0002-8031-600X\" target=\"_blank\" rel=\"noopener\">Reis-Jorge, J.<\/a>, Jensen, M., Rekstad, T., Lillelien, K., Schrank, B., \u2026 Cajaraville, A. (2023). Teaching to be: A path to wellbeing. Teacher`s workbook. Teaching to Be &amp; Creative Europe Programme of the European Union. 978-609-96413-0-0.<\/li>\n<li>Schrank, B., D\u00f6rfler, S., Karrer, H., Ornaghi, V., Conte, E., Cavioni, V., <a href=\"https:\/\/orcid.org\/0000-0003-3393-3678\" target=\"_blank\" rel=\"noopener\">Barqueira, A.<\/a>, <a href=\"https:\/\/orcid.org\/0000-0002-0366-617X\" target=\"_blank\" rel=\"noopener\">Pacheco, P.<\/a>, <a href=\"https:\/\/orcid.org\/0000-0002-8031-600X\" target=\"_blank\" rel=\"noopener\">Reis-Jorge, J.<\/a>, <a href=\"https:\/\/orcid.org\/0000-0002-0639-0121\" target=\"_blank\" rel=\"noopener\">Ferreira, M.<\/a>, <a href=\"https:\/\/orcid.org\/0000-0002-2464-8886\" target=\"_blank\" rel=\"noopener\">Baltazar, I.<\/a>, \u0160ukyt\u0117, D., Raudien\u0117, I., \u017dadeikait\u0117, L., Rutkien\u0117, A., \u017dyd\u017ei\u016bnait\u0117, V., Jensen, M. T., Rekstad, T., Ko\u0161ir, M., \u2026 Avgu\u0161tin, L. (s.d.). Participatory action research (PARr) guide for school wellbeing: A guide for implementing participatory action research (PAR) in the daily life of educational institutions, especially kindergartens, primary and secondary schools. Teaching to BE; Erasmus+ Programme of the European Union.<\/li>\n<li>Schrank, B., D\u00f6rfler, S., Karrer, H., Ornaghi, V., Conte, E., Cavioni, V., <a href=\"https:\/\/orcid.org\/0000-0003-3393-3678\" target=\"_blank\" rel=\"noopener\">Barqueira, A.<\/a>, <a href=\"https:\/\/orcid.org\/0000-0002-0366-617X\" target=\"_blank\" rel=\"noopener\">Pacheco, P.<\/a>, <a href=\"https:\/\/orcid.org\/0000-0002-8031-600X\" target=\"_blank\" rel=\"noopener\">Reis-Jorge, J.<\/a>, <a href=\"https:\/\/orcid.org\/0000-0002-0639-0121\" target=\"_blank\" rel=\"noopener\">Ferreira, M.<\/a>, <a href=\"https:\/\/orcid.org\/0000-0002-2464-8886\" target=\"_blank\" rel=\"noopener\">Baltazar, I.<\/a>, \u0160ukyt\u0117, D., Raudien\u0117, I., \u017dadeikait\u0117, L., Rutkien\u0117, A., \u017dyd\u017ei\u016bnait\u0117, V., Jensen, M. T., Rekstad, T., Ko\u0161ir, M., \u2026 Avgu\u0161tin, L. (s.d.). Guia de investiga\u00e7\u00e3o-ac\u00e7\u00e3o participativa (IAP) para o bem-estar escolar: Um guia para a implementa\u00e7\u00e3o da investiga\u00e7\u00e3o-a\u00e7\u00e3o participativa (IAP) na vida quotidiana das institui\u00e7\u00f5es educativas, especialmente nos jardins-de-inf\u00e2ncia e nas escolas prim\u00e1rias e secund\u00e1rias. Teaching to BE; Erasmus+ Programme of the European Union.<\/li>\n<\/ul>\n<p>&nbsp;<\/p>\n<p><strong>Book Chapter:<br \/>\n<\/strong><\/p>\n<ul style=\"text-align: justify;\">\n<li><a href=\"https:\/\/orcid.org\/0000-0002-8031-600X\" target=\"_blank\" rel=\"noopener\">Reis-Jorge, J.<\/a>, <a href=\"https:\/\/orcid.org\/0000-0002-0366-617X\" target=\"_blank\" rel=\"noopener\">Pacheco, P.<\/a>, <a href=\"https:\/\/orcid.org\/0000-0002-0639-0121\" target=\"_blank\" rel=\"noopener\">Ferreira, M.<\/a>, <a href=\"https:\/\/orcid.org\/0000-0003-3393-3678\" target=\"_blank\" rel=\"noopener\">Barqueira, A.<\/a>, &amp; <a href=\"https:\/\/orcid.org\/0000-0002-2464-8886\" target=\"_blank\" rel=\"noopener\">Baltazar, I.<\/a> (2024). School climate and teachers` professional wellbeing in Portugal: A school climate analytical framework (SCAF). In B. Martinsone, M. T. Jensen, C. Wiesner, &amp; K. A. Zechner (Eds.), Teachers` professional wellbeing: A digital game based social-emotional learning intervention, (pp. 81-104). Verlag Julius Klinkhardt. doi.org\/10.35468\/6091-04<\/li>\n<\/ul>\n<p>&nbsp;<\/p>\n<p><strong>Article:<\/strong><\/p>\n<ul style=\"text-align: justify;\">\n<li><a href=\"https:\/\/orcid.org\/0000-0002-0639-0121\" target=\"_blank\" rel=\"noopener\">Ferreira, M.<\/a>, <a href=\"https:\/\/orcid.org\/0000-0003-3393-3678\" target=\"_blank\" rel=\"noopener\">Barqueira, A.<\/a>, <a href=\"https:\/\/orcid.org\/0000-0002-8031-600X\" target=\"_blank\" rel=\"noopener\">Reis-Jorge, J.<\/a>, <a href=\"https:\/\/orcid.org\/0000-0002-0366-617X\" target=\"_blank\" rel=\"noopener\">Pacheco, P.<\/a>, <a href=\"https:\/\/orcid.org\/0000-0002-2393-2092\" target=\"_blank\" rel=\"noopener\">Brito, R.<\/a> &amp; <a href=\"https:\/\/orcid.org\/0000-0002-2464-8886\" target=\"_blank\" rel=\"noopener\">Baltazar, I.<\/a> (2024). Physical and mental wellbeing, teaching efficacy and school connectedness: A study with preschool teachers in Portugal. Frontiers in Education, 9, 1408544. doi: 10.3389\/feduc.2024.1408544<\/li>\n<\/ul>\n<p>&nbsp;<\/p>\n<p><strong>Communications:<\/strong><\/p>\n<ul style=\"text-align: justify;\">\n<li><a href=\"https:\/\/orcid.org\/0000-0002-0639-0121\" target=\"_blank\" rel=\"noopener\">Ferreira, M.<\/a>, e <a href=\"https:\/\/orcid.org\/0000-0002-8031-600X\" target=\"_blank\" rel=\"noopener\">Reis-Jorge, J.<\/a> (2024). Teaching to Be \u2013 Supporting Teachers` Professional Growth and Wellbeing in the Field of Social and Emotional Learning \u2013 Enquadramento e Abordagem Metodol\u00f3gica, Confer\u00eancia Final do Projeto Erasmus KA3: Teaching to Be \u2013 Supporting Teachers` Professional Growth and Wellbeing in the Field of Social and Emotional Learning, promovido pela Escola de Educa\u00e7\u00e3o e Desenvolvimento Humano, do Instituo Superior de Educa\u00e7\u00e3o e Ci\u00eancias (ISEC Lisboa), Campus Acad\u00e9mico do Lumiar, 20 de Janeiro de 2024.<\/li>\n<li><a href=\"https:\/\/orcid.org\/0000-0002-0366-617X\" target=\"_blank\" rel=\"noopener\">Pacheco, P.<\/a>, <a href=\"https:\/\/orcid.org\/0000-0003-3393-3678\" target=\"_blank\" rel=\"noopener\">Barqueira, A.<\/a>, <a href=\"https:\/\/orcid.org\/0000-0002-8031-600X\" target=\"_blank\" rel=\"noopener\">Reis-Jorge, J.<\/a>, <a href=\"https:\/\/orcid.org\/0000-0002-0639-0121\" target=\"_blank\" rel=\"noopener\">Ferreira, M.<\/a> &amp; <a href=\"https:\/\/orcid.org\/0000-0002-2464-8886\" target=\"_blank\" rel=\"noopener\">Baltazar, I.<\/a> (2024). Desenvolvimento profissional: Bem-estar, satisfa\u00e7\u00e3o no trabalho e sa\u00fade dos professores. Confer\u00eancia &#8220;A Boa Educa\u00e7\u00e3o na Escola: Perspetivas, Pr\u00e1ticas e Desafios\u201d, Promovida pela Sociedade Portuguesa de Ci\u00eancias da Educa\u00e7\u00e3o na Universidade do Porto, 8-13 de Janeiro de 2024, modalidade online.<\/li>\n<li><a href=\"https:\/\/orcid.org\/0000-0002-0366-617X\" target=\"_blank\" rel=\"noopener\">Pacheco, P.<\/a>, <a href=\"https:\/\/orcid.org\/0000-0003-3393-3678\" target=\"_blank\" rel=\"noopener\">Barqueira, A.<\/a>, <a href=\"https:\/\/orcid.org\/0000-0002-8031-600X\" target=\"_blank\" rel=\"noopener\">Reis-Jorge, J.<\/a>, <a href=\"https:\/\/orcid.org\/0000-0002-0639-0121\" target=\"_blank\" rel=\"noopener\">Ferreira, M.<\/a> &amp; <a href=\"https:\/\/orcid.org\/0000-0002-2464-8886\" target=\"_blank\" rel=\"noopener\">Baltazar, I.<\/a> (2023). The teachers\u2019 role as co-constructor of an online course to improve teachers\u2019 professional wellbeing, Barcelona Conference on Education, organizada pelo International Academy Forum (iafor), Barcelona, Espanha, 19-23 de Setembro de 2023.<\/li>\n<\/ul>\n","protected":false},"excerpt":{"rendered":"<p>CONCLUDED Investigators: Patricia Pacheco Marco Ferreira Jos\u00e9 Reis Jorge Isabel Baltazar Ana Barqueira<\/p>\n","protected":false},"author":4,"featured_media":0,"comment_status":"open","ping_status":"open","sticky":false,"template":"","format":"standard","meta":{"footnotes":""},"categories":[18,20],"tags":[],"class_list":["post-1015","post","type-post","status-publish","format-standard","hentry","category-cl7_en","category-concluido"],"_links":{"self":[{"href":"https:\/\/ceia.iseclisboa.pt\/index.php?rest_route=\/wp\/v2\/posts\/1015","targetHints":{"allow":["GET"]}}],"collection":[{"href":"https:\/\/ceia.iseclisboa.pt\/index.php?rest_route=\/wp\/v2\/posts"}],"about":[{"href":"https:\/\/ceia.iseclisboa.pt\/index.php?rest_route=\/wp\/v2\/types\/post"}],"author":[{"embeddable":true,"href":"https:\/\/ceia.iseclisboa.pt\/index.php?rest_route=\/wp\/v2\/users\/4"}],"replies":[{"embeddable":true,"href":"https:\/\/ceia.iseclisboa.pt\/index.php?rest_route=%2Fwp%2Fv2%2Fcomments&post=1015"}],"version-history":[{"count":11,"href":"https:\/\/ceia.iseclisboa.pt\/index.php?rest_route=\/wp\/v2\/posts\/1015\/revisions"}],"predecessor-version":[{"id":1308,"href":"https:\/\/ceia.iseclisboa.pt\/index.php?rest_route=\/wp\/v2\/posts\/1015\/revisions\/1308"}],"wp:attachment":[{"href":"https:\/\/ceia.iseclisboa.pt\/index.php?rest_route=%2Fwp%2Fv2%2Fmedia&parent=1015"}],"wp:term":[{"taxonomy":"category","embeddable":true,"href":"https:\/\/ceia.iseclisboa.pt\/index.php?rest_route=%2Fwp%2Fv2%2Fcategories&post=1015"},{"taxonomy":"post_tag","embeddable":true,"href":"https:\/\/ceia.iseclisboa.pt\/index.php?rest_route=%2Fwp%2Fv2%2Ftags&post=1015"}],"curies":[{"name":"wp","href":"https:\/\/api.w.org\/{rel}","templated":true}]}}